{"id":208,"date":"2023-05-05T23:27:00","date_gmt":"2023-05-05T21:27:00","guid":{"rendered":"https:\/\/josemoralescr.com\/?p=208"},"modified":"2024-02-13T06:32:23","modified_gmt":"2024-02-13T05:32:23","slug":"centro-cultural-de-espana-y-editorial-uruk-anuncian-ganador-del-certamen-de-novela","status":"publish","type":"post","link":"https:\/\/josemoralescr.com\/index.php\/2023\/05\/05\/centro-cultural-de-espana-y-editorial-uruk-anuncian-ganador-del-certamen-de-novela\/","title":{"rendered":"Centro Cultural de Espa\u00f1a y Editorial URUK anuncian ganador del certamen de novela"},"content":{"rendered":"\t\t<div data-elementor-type=\"wp-post\" data-elementor-id=\"208\" class=\"elementor elementor-208\">\n\t\t\t\t<div class=\"elementor-element elementor-element-2b19b0c3 e-con-full e-flex wpr-particle-no wpr-jarallax-no wpr-parallax-no wpr-sticky-section-no e-con e-parent\" data-id=\"2b19b0c3\" data-element_type=\"container\" data-settings=\"{&quot;content_width&quot;:&quot;full&quot;}\" data-core-v316-plus=\"true\">\n\t\t<div class=\"elementor-element elementor-element-4df82549 e-flex e-con-boxed wpr-particle-no wpr-jarallax-no wpr-parallax-no wpr-sticky-section-no e-con e-child\" data-id=\"4df82549\" data-element_type=\"container\" data-settings=\"{&quot;content_width&quot;:&quot;boxed&quot;}\">\n\t\t\t\t\t<div class=\"e-con-inner\">\n\t\t\t\t<div class=\"elementor-element elementor-element-3aeeb8bb elementor-widget elementor-widget-heading\" data-id=\"3aeeb8bb\" data-element_type=\"widget\" data-widget_type=\"heading.default\">\n\t\t\t\t<div class=\"elementor-widget-container\">\n\t\t\t<style>\/*! elementor - v3.19.0 - 07-02-2024 *\/\n.elementor-heading-title{padding:0;margin:0;line-height:1}.elementor-widget-heading .elementor-heading-title[class*=elementor-size-]>a{color:inherit;font-size:inherit;line-height:inherit}.elementor-widget-heading .elementor-heading-title.elementor-size-small{font-size:15px}.elementor-widget-heading .elementor-heading-title.elementor-size-medium{font-size:19px}.elementor-widget-heading .elementor-heading-title.elementor-size-large{font-size:29px}.elementor-widget-heading .elementor-heading-title.elementor-size-xl{font-size:39px}.elementor-widget-heading .elementor-heading-title.elementor-size-xxl{font-size:59px}<\/style><h2 class=\"elementor-heading-title elementor-size-default\">Centro Cultural de Espa\u00f1a y Editorial URUK anuncian ganador del certamen de novela\n<\/h2>\t\t<\/div>\n\t\t\t\t<\/div>\n\t\t\t\t\t<\/div>\n\t\t\t\t<\/div>\n\t\t<div class=\"elementor-element elementor-element-3d5c35f5 e-flex e-con-boxed wpr-particle-no wpr-jarallax-no wpr-parallax-no wpr-sticky-section-no e-con e-child\" data-id=\"3d5c35f5\" data-element_type=\"container\" data-settings=\"{&quot;content_width&quot;:&quot;boxed&quot;}\">\n\t\t\t\t\t<div class=\"e-con-inner\">\n\t\t<div class=\"elementor-element elementor-element-58a2fbae e-con-full e-flex wpr-particle-no wpr-jarallax-no wpr-parallax-no wpr-sticky-section-no e-con e-child\" data-id=\"58a2fbae\" data-element_type=\"container\" data-settings=\"{&quot;content_width&quot;:&quot;full&quot;}\">\n\t\t\t\t<div class=\"elementor-element elementor-element-601a616a elementor-widget elementor-widget-image\" data-id=\"601a616a\" data-element_type=\"widget\" data-widget_type=\"image.default\">\n\t\t\t\t<div class=\"elementor-widget-container\">\n\t\t\t<style>\/*! elementor - v3.19.0 - 07-02-2024 *\/\n.elementor-widget-image{text-align:center}.elementor-widget-image a{display:inline-block}.elementor-widget-image a img[src$=\".svg\"]{width:48px}.elementor-widget-image img{vertical-align:middle;display:inline-block}<\/style>\t\t\t\t\t\t\t\t\t\t<img fetchpriority=\"high\" decoding=\"async\" width=\"800\" height=\"533\" src=\"https:\/\/josemoralescr.com\/wp-content\/uploads\/2024\/02\/premio-CCE-URUK-1024x682.jpg\" class=\"attachment-large size-large wp-image-211\" alt=\"\" \/>\t\t\t\t\t\t\t\t\t\t\t\t\t<\/div>\n\t\t\t\t<\/div>\n\t\t\t\t<div class=\"elementor-element elementor-element-2970734a elementor-widget elementor-widget-text-editor\" data-id=\"2970734a\" data-element_type=\"widget\" data-widget_type=\"text-editor.default\">\n\t\t\t\t<div class=\"elementor-widget-container\">\n\t\t\t<style>\/*! elementor - v3.19.0 - 07-02-2024 *\/\n.elementor-widget-text-editor.elementor-drop-cap-view-stacked .elementor-drop-cap{background-color:#69727d;color:#fff}.elementor-widget-text-editor.elementor-drop-cap-view-framed .elementor-drop-cap{color:#69727d;border:3px solid;background-color:transparent}.elementor-widget-text-editor:not(.elementor-drop-cap-view-default) .elementor-drop-cap{margin-top:8px}.elementor-widget-text-editor:not(.elementor-drop-cap-view-default) .elementor-drop-cap-letter{width:1em;height:1em}.elementor-widget-text-editor .elementor-drop-cap{float:left;text-align:center;line-height:1;font-size:50px}.elementor-widget-text-editor .elementor-drop-cap-letter{display:inline-block}<\/style>\t\t\t\t<p>De izquierda a derecha: Ricardo Ram\u00f3n Jarne, director del CCE, Jos\u00e9 Morales Gonz\u00e1lez, escritor, y \u00d3scar Castillo de Uruk Editores<\/p>\t\t\t\t\t\t<\/div>\n\t\t\t\t<\/div>\n\t\t\t\t<\/div>\n\t\t<div class=\"elementor-element elementor-element-3aae8026 e-con-full e-flex wpr-particle-no wpr-jarallax-no wpr-parallax-no wpr-sticky-section-no e-con e-child\" data-id=\"3aae8026\" data-element_type=\"container\" data-settings=\"{&quot;content_width&quot;:&quot;full&quot;}\">\n\t\t\t\t<div class=\"elementor-element elementor-element-2f985cde elementor-widget elementor-widget-text-editor\" data-id=\"2f985cde\" data-element_type=\"widget\" data-widget_type=\"text-editor.default\">\n\t\t\t\t<div class=\"elementor-widget-container\">\n\t\t\t\t\t\t\t<ul>\n<li>La iniciativa forma parte de las estrategias de fortalecimiento de la literatura costarricense de ambas instituciones.<\/li>\n<li>M\u00e1s de veinte textos participaron en el certamen.<\/li>\n<\/ul>\n<p>\u00a0<\/p>\n<p>San Jos\u00e9, 5 de mayo de 2023. El Centro Cultural de Espa\u00f1a se ha caracterizado por impulsar y fortalecer las artes en Costa Rica. En el caso de la literatura hay una larga y fruct\u00edfera tradici\u00f3n de apoyo a la publicaci\u00f3n de investigaciones, ensayos, novelas cortas, dramaturgia, micro relatos y poes\u00eda, entre otros. Al mismo tiempo y de manera permanente, la instituci\u00f3n apoya iniciativas que fomenten el mercado cultural local como las editoriales independientes. En este caso, gracias a la calidad de su trabajo y su trayectoria, nos unimos a Uruk Editores para lanzar el Certamen de Novela 2023. Aunque la selecci\u00f3n del texto ganador no fue sencilla porque se presentaron veinticuatro propuestas de alta calidad, el jurado compuesto por Juan Ram\u00f3n Rojas Porras por parte de la editorial, Ana Paula Jir\u00f3n Rosabal por el Centro Cultural Espa\u00f1a, y \u00c1lvaro Rojas Salazar como lector externo, destac\u00f3 que \u201cNos descuidamos un segundo es una obra muy bien escrita, con un ritmo narrativo que mantiene siempre atento al lector y, principalmente, es una novela de tremenda actualidad, en la que quedan expuestos diversos rasgos pol\u00edticos de la sociedad costarricense contempor\u00e1nea, xenofobia, racismo, desigualdad, corrupci\u00f3n, cinismo y toda esta tem\u00e1tica es tratada con humor, inteligencia y sensibilidad\u201d.<\/p>\n<p>Jos\u00e9 Morales Gonz\u00e1lez, escritor de la novela ganadora, apunta que \u201cNos descuidamos un segundo es mi tercer libro pero es tambi\u00e9n mi primera novela, por lo que el reconocimiento del jurado me llena de gran satisfacci\u00f3n y orgullo. Adem\u00e1s, mi agradecimiento es infinito para el CCE y Uruk editores, dos grandes instituciones culturales del pa\u00eds que, al organizar este tipo de cert\u00e1menes, logran estimular la creaci\u00f3n literaria nacional alrededor de tem\u00e1ticas vigentes y, me atrevo a agregar, bastante urgentes.&#8221;<\/p>\t\t\t\t\t\t<\/div>\n\t\t\t\t<\/div>\n\t\t\t\t<\/div>\n\t\t\t\t\t<\/div>\n\t\t\t\t<\/div>\n\t\t\t\t<\/div>\n\t\t<div class=\"elementor-element elementor-element-2274dec3 e-flex e-con-boxed wpr-particle-no wpr-jarallax-no wpr-parallax-no wpr-sticky-section-no e-con e-parent\" data-id=\"2274dec3\" data-element_type=\"container\" data-settings=\"{&quot;content_width&quot;:&quot;boxed&quot;}\" data-core-v316-plus=\"true\">\n\t\t\t\t\t<div class=\"e-con-inner\">\n\t\t\t\t<div class=\"elementor-element elementor-element-c54c6f1 elementor-widget elementor-widget-heading\" data-id=\"c54c6f1\" data-element_type=\"widget\" data-widget_type=\"heading.default\">\n\t\t\t\t<div class=\"elementor-widget-container\">\n\t\t\t<h2 class=\"elementor-heading-title elementor-size-default\">Premio<\/h2>\t\t<\/div>\n\t\t\t\t<\/div>\n\t\t\t\t<div class=\"elementor-element elementor-element-ba8a8e7 elementor-widget elementor-widget-text-editor\" data-id=\"ba8a8e7\" data-element_type=\"widget\" data-widget_type=\"text-editor.default\">\n\t\t\t\t<div class=\"elementor-widget-container\">\n\t\t\t\t\t\t\t<p>El pasado 2 de mayo se hizo entrega del premio al ganador quien recibi\u00f3 un cheque por $2000. La edici\u00f3n, publicaci\u00f3n y distribuci\u00f3n de la obra de 400 ejemplares tambi\u00e9n forma parte del premio. Los libros ser\u00e1n distribuidos por el Centro Cultural de Espa\u00f1a a trav\u00e9s de bibliotecas y centros culturales, a nivel nacional e internacional, y por Uruk Editores en librer\u00edas y eventos.<\/p>\n<p>Para Ricardo Ram\u00f3n Jarne \u201cel Centro Cultural de Espa\u00f1a se ha esmerado siempre por ser un aliado\u00a0 importante de la literatura costarricense. A lo largo de nuestros 30 a\u00f1os como instituci\u00f3n hemos\u00a0 desarrollado numerosas actividades en el \u00e1mbito literario brindando conferencias, talleres, apoyando la presentaci\u00f3n de obras literarias, organizando recitales, como nuestras recordadas Noches de Poes\u00eda en el Farolito que sirvieron como semillero para dar a conocer la voz de m\u00faltiples poetas relevantes de las letras costarricenses, as\u00ed como nuestras famosas Tertulias Literarias y Club de Lectura,\u00a0 cuyo prop\u00f3sito siempre fue conectar al p\u00fablico con nuestros queridos autores. Por toda nuestra historia y porque la literatura siempre ha sido un pilar fundamental para el Centro Cultural, pensamos en la importancia de realizar este certamen de novela con el objetivo de seguir dando relevancia y difusi\u00f3n a las grandes creaciones literarias del pa\u00eds puesto que deseamos continuar creando alianzas que permitan robustecer la literatura costarricense\u201d.<\/p>\n<p>La producci\u00f3n y divulgaci\u00f3n de obras literarias actuales, costarricenses y centroamericanas, da sentido al trabajo editorial de Uruk en el marco de la bibliodiversidad. Por eso, en palabras de su director \u00d3scar Castillo, \u201ceste certamen ha permitido descubrir creadores hasta ahora invisibilizados a pesar de su extraordinaria creatividad y calidad, y nos llena de entusiasmo por la calidad literaria que surge en el pa\u00eds, fortaleciendo una cultura y tradici\u00f3n literarias consolidadas\u201d.\u00a0<\/p>\t\t\t\t\t\t<\/div>\n\t\t\t\t<\/div>\n\t\t\t\t\t<\/div>\n\t\t\t\t<\/div>\n\t\t\t\t<\/div>\n\t\t","protected":false},"excerpt":{"rendered":"<p>Centro Cultural de Espa\u00f1a y Editorial URUK anuncian ganador del certamen de novela De izquierda a derecha: Ricardo Ram\u00f3n Jarne, director del CCE, Jos\u00e9 Morales Gonz\u00e1lez, escritor, y \u00d3scar Castillo de Uruk Editores La iniciativa forma parte de las estrategias de fortalecimiento de la literatura costarricense de ambas instituciones. M\u00e1s de veinte textos participaron en [&hellip;]<\/p>\n","protected":false},"author":1,"featured_media":211,"comment_status":"closed","ping_status":"closed","sticky":false,"template":"","format":"standard","meta":{"footnotes":""},"categories":[1],"tags":[],"rttpg_featured_image_url":{"full":["https:\/\/josemoralescr.com\/wp-content\/uploads\/2024\/02\/premio-CCE-URUK.jpg",1280,853,false],"landscape":["https:\/\/josemoralescr.com\/wp-content\/uploads\/2024\/02\/premio-CCE-URUK.jpg",1280,853,false],"portraits":["https:\/\/josemoralescr.com\/wp-content\/uploads\/2024\/02\/premio-CCE-URUK.jpg",1280,853,false],"thumbnail":["https:\/\/josemoralescr.com\/wp-content\/uploads\/2024\/02\/premio-CCE-URUK-150x150.jpg",150,150,true],"medium":["https:\/\/josemoralescr.com\/wp-content\/uploads\/2024\/02\/premio-CCE-URUK-300x200.jpg",300,200,true],"large":["https:\/\/josemoralescr.com\/wp-content\/uploads\/2024\/02\/premio-CCE-URUK-1024x682.jpg",800,533,true],"1536x1536":["https:\/\/josemoralescr.com\/wp-content\/uploads\/2024\/02\/premio-CCE-URUK.jpg",1280,853,false],"2048x2048":["https:\/\/josemoralescr.com\/wp-content\/uploads\/2024\/02\/premio-CCE-URUK.jpg",1280,853,false]},"rttpg_author":{"display_name":"josemoralescr","author_link":"https:\/\/josemoralescr.com\/index.php\/author\/josemoralescr\/"},"rttpg_comment":0,"rttpg_category":"<a href=\"https:\/\/josemoralescr.com\/index.php\/category\/blog\/\" rel=\"category tag\">Blog<\/a>","rttpg_excerpt":"Centro Cultural de Espa\u00f1a y Editorial URUK anuncian ganador del certamen de novela De izquierda a derecha: Ricardo Ram\u00f3n Jarne, director del CCE, Jos\u00e9 Morales Gonz\u00e1lez, escritor, y \u00d3scar Castillo de Uruk Editores La iniciativa forma parte de las estrategias de fortalecimiento de la literatura costarricense de ambas instituciones. M\u00e1s de veinte textos participaron en&hellip;","_links":{"self":[{"href":"https:\/\/josemoralescr.com\/index.php\/wp-json\/wp\/v2\/posts\/208"}],"collection":[{"href":"https:\/\/josemoralescr.com\/index.php\/wp-json\/wp\/v2\/posts"}],"about":[{"href":"https:\/\/josemoralescr.com\/index.php\/wp-json\/wp\/v2\/types\/post"}],"author":[{"embeddable":true,"href":"https:\/\/josemoralescr.com\/index.php\/wp-json\/wp\/v2\/users\/1"}],"replies":[{"embeddable":true,"href":"https:\/\/josemoralescr.com\/index.php\/wp-json\/wp\/v2\/comments?post=208"}],"version-history":[{"count":10,"href":"https:\/\/josemoralescr.com\/index.php\/wp-json\/wp\/v2\/posts\/208\/revisions"}],"predecessor-version":[{"id":523,"href":"https:\/\/josemoralescr.com\/index.php\/wp-json\/wp\/v2\/posts\/208\/revisions\/523"}],"wp:featuredmedia":[{"embeddable":true,"href":"https:\/\/josemoralescr.com\/index.php\/wp-json\/wp\/v2\/media\/211"}],"wp:attachment":[{"href":"https:\/\/josemoralescr.com\/index.php\/wp-json\/wp\/v2\/media?parent=208"}],"wp:term":[{"taxonomy":"category","embeddable":true,"href":"https:\/\/josemoralescr.com\/index.php\/wp-json\/wp\/v2\/categories?post=208"},{"taxonomy":"post_tag","embeddable":true,"href":"https:\/\/josemoralescr.com\/index.php\/wp-json\/wp\/v2\/tags?post=208"}],"curies":[{"name":"wp","href":"https:\/\/api.w.org\/{rel}","templated":true}]}}