{"id":330,"date":"2024-02-12T05:39:35","date_gmt":"2024-02-12T04:39:35","guid":{"rendered":"https:\/\/josemoralescr.com\/?p=330"},"modified":"2024-02-12T06:07:13","modified_gmt":"2024-02-12T05:07:13","slug":"post-cronica-uruguay-1-costa-rica-3-brasil-2014","status":"publish","type":"post","link":"https:\/\/josemoralescr.com\/index.php\/2024\/02\/12\/post-cronica-uruguay-1-costa-rica-3-brasil-2014\/","title":{"rendered":"Post-cr\u00f3nica: Uruguay 1 &#8211; Costa Rica 3 (Brasil 2014)"},"content":{"rendered":"\t\t<div data-elementor-type=\"wp-post\" data-elementor-id=\"330\" class=\"elementor elementor-330\">\n\t\t\t\t<div class=\"elementor-element elementor-element-1cd9714a e-con-full e-flex wpr-particle-no wpr-jarallax-no wpr-parallax-no wpr-sticky-section-no e-con e-parent\" data-id=\"1cd9714a\" data-element_type=\"container\" data-settings=\"{&quot;content_width&quot;:&quot;full&quot;}\" data-core-v316-plus=\"true\">\n\t\t<div class=\"elementor-element elementor-element-6c3ae4e e-flex e-con-boxed wpr-particle-no wpr-jarallax-no wpr-parallax-no wpr-sticky-section-no e-con e-child\" data-id=\"6c3ae4e\" data-element_type=\"container\" data-settings=\"{&quot;content_width&quot;:&quot;boxed&quot;}\">\n\t\t\t\t\t<div class=\"e-con-inner\">\n\t\t\t\t<div class=\"elementor-element elementor-element-64bedfd7 elementor-widget elementor-widget-heading\" data-id=\"64bedfd7\" data-element_type=\"widget\" data-widget_type=\"heading.default\">\n\t\t\t\t<div class=\"elementor-widget-container\">\n\t\t\t<style>\/*! elementor - v3.19.0 - 07-02-2024 *\/\n.elementor-heading-title{padding:0;margin:0;line-height:1}.elementor-widget-heading .elementor-heading-title[class*=elementor-size-]>a{color:inherit;font-size:inherit;line-height:inherit}.elementor-widget-heading .elementor-heading-title.elementor-size-small{font-size:15px}.elementor-widget-heading .elementor-heading-title.elementor-size-medium{font-size:19px}.elementor-widget-heading .elementor-heading-title.elementor-size-large{font-size:29px}.elementor-widget-heading .elementor-heading-title.elementor-size-xl{font-size:39px}.elementor-widget-heading .elementor-heading-title.elementor-size-xxl{font-size:59px}<\/style><h2 class=\"elementor-heading-title elementor-size-default\">Post-cr\u00f3nica: Uruguay 1 - Costa Rica 3 (Brasil 2014)\n<\/h2>\t\t<\/div>\n\t\t\t\t<\/div>\n\t\t\t\t\t<\/div>\n\t\t\t\t<\/div>\n\t\t<div class=\"elementor-element elementor-element-2c03f7ea e-flex e-con-boxed wpr-particle-no wpr-jarallax-no wpr-parallax-no wpr-sticky-section-no e-con e-child\" data-id=\"2c03f7ea\" data-element_type=\"container\" data-settings=\"{&quot;content_width&quot;:&quot;boxed&quot;}\">\n\t\t\t\t\t<div class=\"e-con-inner\">\n\t\t<div class=\"elementor-element elementor-element-1bd6df3 e-con-full e-flex wpr-particle-no wpr-jarallax-no wpr-parallax-no wpr-sticky-section-no e-con e-child\" data-id=\"1bd6df3\" data-element_type=\"container\" data-settings=\"{&quot;content_width&quot;:&quot;full&quot;}\">\n\t\t\t\t<div class=\"elementor-element elementor-element-39e0e9f8 elementor-widget elementor-widget-image\" data-id=\"39e0e9f8\" data-element_type=\"widget\" data-widget_type=\"image.default\">\n\t\t\t\t<div class=\"elementor-widget-container\">\n\t\t\t<style>\/*! elementor - v3.19.0 - 07-02-2024 *\/\n.elementor-widget-image{text-align:center}.elementor-widget-image a{display:inline-block}.elementor-widget-image a img[src$=\".svg\"]{width:48px}.elementor-widget-image img{vertical-align:middle;display:inline-block}<\/style>\t\t\t\t\t\t\t\t\t\t<img fetchpriority=\"high\" decoding=\"async\" width=\"640\" height=\"640\" src=\"https:\/\/josemoralescr.com\/wp-content\/uploads\/2024\/02\/IMG_3840.jpg\" class=\"attachment-large size-large wp-image-337\" alt=\"\" \/>\t\t\t\t\t\t\t\t\t\t\t\t\t<\/div>\n\t\t\t\t<\/div>\n\t\t\t\t<div class=\"elementor-element elementor-element-22b96d72 elementor-widget elementor-widget-text-editor\" data-id=\"22b96d72\" data-element_type=\"widget\" data-widget_type=\"text-editor.default\">\n\t\t\t\t<div class=\"elementor-widget-container\">\n\t\t\t<style>\/*! elementor - v3.19.0 - 07-02-2024 *\/\n.elementor-widget-text-editor.elementor-drop-cap-view-stacked .elementor-drop-cap{background-color:#69727d;color:#fff}.elementor-widget-text-editor.elementor-drop-cap-view-framed .elementor-drop-cap{color:#69727d;border:3px solid;background-color:transparent}.elementor-widget-text-editor:not(.elementor-drop-cap-view-default) .elementor-drop-cap{margin-top:8px}.elementor-widget-text-editor:not(.elementor-drop-cap-view-default) .elementor-drop-cap-letter{width:1em;height:1em}.elementor-widget-text-editor .elementor-drop-cap{float:left;text-align:center;line-height:1;font-size:50px}.elementor-widget-text-editor .elementor-drop-cap-letter{display:inline-block}<\/style>\t\t\t\t<p>Fotograf\u00eda de camiseta de Costa Rica<\/p>\t\t\t\t\t\t<\/div>\n\t\t\t\t<\/div>\n\t\t\t\t<\/div>\n\t\t<div class=\"elementor-element elementor-element-262f8ac9 e-con-full e-flex wpr-particle-no wpr-jarallax-no wpr-parallax-no wpr-sticky-section-no e-con e-child\" data-id=\"262f8ac9\" data-element_type=\"container\" data-settings=\"{&quot;content_width&quot;:&quot;full&quot;}\">\n\t\t\t\t<div class=\"elementor-element elementor-element-21506002 elementor-widget elementor-widget-text-editor\" data-id=\"21506002\" data-element_type=\"widget\" data-widget_type=\"text-editor.default\">\n\t\t\t\t<div class=\"elementor-widget-container\">\n\t\t\t\t\t\t\t<p>Montr\u00e9al es, ante todo,\u00a0 una ciudad para caminar. En especial cuando muestra toda su pluriculturalidad en d\u00edas de mundial, d\u00edas en los que la gente se viste de colores. Los chilenos celebran la victoria de Costa Rica porque se identifican con &#8220;la roja&#8221;. Rumbo a la estaci\u00f3n del metro, los italianos e ingleses que encuentro no me dedican m\u00e1s de dos segundos de atenci\u00f3n, aunque sospecho que ahora tienen una preocupaci\u00f3n extra que llevar a la almohada. Un brasile\u00f1o me consulta por el marcador y no lo puede creer: se regocija a m\u00e1s no poder. Al parecer el resentimiento por el maracanazo est\u00e1 impregnado en su ADN. Un uruguayo pasa manejando cerca de m\u00ed con la banderita celeste en el techo del carro y me identifica: ya nos volveremos a ver, parece decir su gesto de advertencia. Luego un grupo de colombianos (qui\u00e9n sabe d\u00f3nde habr\u00e1n conseguido todo ese aguardiente) me abordan y estrechan mi mano, felices a\u00fan por el gane de su selecci\u00f3n. Incluso una venezolana que va con ellos me agradece por haberlos vengado de Uruguay,\u00a0 que dej\u00f3 a la vinotinto fuera del repechaje. Yo le digo &#8220;con gusto&#8221;, como si tambi\u00e9n hubiera estado en esa cancha de Fortaleza haciendo historia con el sudor de mi frente.<\/p>\t\t\t\t\t\t<\/div>\n\t\t\t\t<\/div>\n\t\t\t\t<\/div>\n\t\t\t\t\t<\/div>\n\t\t\t\t<\/div>\n\t\t\t\t<\/div>\n\t\t\t\t<\/div>\n\t\t","protected":false},"excerpt":{"rendered":"<p>Post-cr\u00f3nica: Uruguay 1 &#8211; Costa Rica 3 (Brasil 2014) Fotograf\u00eda de camiseta de Costa Rica Montr\u00e9al es, ante todo,\u00a0 una ciudad para caminar. En especial cuando muestra toda su pluriculturalidad en d\u00edas de mundial, d\u00edas en los que la gente se viste de colores. Los chilenos celebran la victoria de Costa Rica porque se identifican [&hellip;]<\/p>\n","protected":false},"author":1,"featured_media":337,"comment_status":"closed","ping_status":"open","sticky":false,"template":"","format":"standard","meta":{"footnotes":""},"categories":[1],"tags":[],"rttpg_featured_image_url":{"full":["https:\/\/josemoralescr.com\/wp-content\/uploads\/2024\/02\/IMG_3840.jpg",640,640,false],"landscape":["https:\/\/josemoralescr.com\/wp-content\/uploads\/2024\/02\/IMG_3840.jpg",640,640,false],"portraits":["https:\/\/josemoralescr.com\/wp-content\/uploads\/2024\/02\/IMG_3840.jpg",640,640,false],"thumbnail":["https:\/\/josemoralescr.com\/wp-content\/uploads\/2024\/02\/IMG_3840-150x150.jpg",150,150,true],"medium":["https:\/\/josemoralescr.com\/wp-content\/uploads\/2024\/02\/IMG_3840-300x300.jpg",300,300,true],"large":["https:\/\/josemoralescr.com\/wp-content\/uploads\/2024\/02\/IMG_3840.jpg",640,640,false],"1536x1536":["https:\/\/josemoralescr.com\/wp-content\/uploads\/2024\/02\/IMG_3840.jpg",640,640,false],"2048x2048":["https:\/\/josemoralescr.com\/wp-content\/uploads\/2024\/02\/IMG_3840.jpg",640,640,false]},"rttpg_author":{"display_name":"josemoralescr","author_link":"https:\/\/josemoralescr.com\/index.php\/author\/josemoralescr\/"},"rttpg_comment":0,"rttpg_category":"<a href=\"https:\/\/josemoralescr.com\/index.php\/category\/blog\/\" rel=\"category tag\">Blog<\/a>","rttpg_excerpt":"Post-cr\u00f3nica: Uruguay 1 &#8211; Costa Rica 3 (Brasil 2014) Fotograf\u00eda de camiseta de Costa Rica Montr\u00e9al es, ante todo,\u00a0 una ciudad para caminar. En especial cuando muestra toda su pluriculturalidad en d\u00edas de mundial, d\u00edas en los que la gente se viste de colores. Los chilenos celebran la victoria de Costa Rica porque se identifican&hellip;","_links":{"self":[{"href":"https:\/\/josemoralescr.com\/index.php\/wp-json\/wp\/v2\/posts\/330"}],"collection":[{"href":"https:\/\/josemoralescr.com\/index.php\/wp-json\/wp\/v2\/posts"}],"about":[{"href":"https:\/\/josemoralescr.com\/index.php\/wp-json\/wp\/v2\/types\/post"}],"author":[{"embeddable":true,"href":"https:\/\/josemoralescr.com\/index.php\/wp-json\/wp\/v2\/users\/1"}],"replies":[{"embeddable":true,"href":"https:\/\/josemoralescr.com\/index.php\/wp-json\/wp\/v2\/comments?post=330"}],"version-history":[{"count":7,"href":"https:\/\/josemoralescr.com\/index.php\/wp-json\/wp\/v2\/posts\/330\/revisions"}],"predecessor-version":[{"id":340,"href":"https:\/\/josemoralescr.com\/index.php\/wp-json\/wp\/v2\/posts\/330\/revisions\/340"}],"wp:featuredmedia":[{"embeddable":true,"href":"https:\/\/josemoralescr.com\/index.php\/wp-json\/wp\/v2\/media\/337"}],"wp:attachment":[{"href":"https:\/\/josemoralescr.com\/index.php\/wp-json\/wp\/v2\/media?parent=330"}],"wp:term":[{"taxonomy":"category","embeddable":true,"href":"https:\/\/josemoralescr.com\/index.php\/wp-json\/wp\/v2\/categories?post=330"},{"taxonomy":"post_tag","embeddable":true,"href":"https:\/\/josemoralescr.com\/index.php\/wp-json\/wp\/v2\/tags?post=330"}],"curies":[{"name":"wp","href":"https:\/\/api.w.org\/{rel}","templated":true}]}}